{"id":164,"date":"2011-05-28T07:34:30","date_gmt":"2011-05-28T07:34:30","guid":{"rendered":"http:\/\/jajofo.de\/wordpress\/?p=164"},"modified":"2011-05-28T07:34:30","modified_gmt":"2011-05-28T07:34:30","slug":"zicklein-und-lammer","status":"publish","type":"post","link":"https:\/\/jajofo.de\/wordpress\/2011\/05\/28\/zicklein-und-lammer\/","title":{"rendered":"Zicklein und L\u00e4mmer"},"content":{"rendered":"<p>Jaja, das Monat Mai. Die beiden Zicklein Joy und Jael vergn\u00fcgen sich auf der gro\u00dfen Wiese:<\/p>\n<figure id=\"attachment_165\" aria-describedby=\"caption-attachment-165\" style=\"width: 800px\" class=\"wp-caption aligncenter\"><a href=\"http:\/\/jajofo.de\/wordpress\/wp-content\/uploads\/2011\/05\/28-05-11a.jpg\"><img loading=\"lazy\" class=\"size-full wp-image-165\" title=\"Joy\" src=\"http:\/\/jajofo.de\/wordpress\/wp-content\/uploads\/2011\/05\/28-05-11a.jpg\" alt=\"Zicklein Joy\" width=\"800\" height=\"600\" srcset=\"https:\/\/jajofo.de\/wordpress\/wp-content\/uploads\/2011\/05\/28-05-11a.jpg 800w, https:\/\/jajofo.de\/wordpress\/wp-content\/uploads\/2011\/05\/28-05-11a-300x225.jpg 300w\" sizes=\"(max-width: 709px) 85vw, (max-width: 909px) 67vw, (max-width: 984px) 61vw, (max-width: 1362px) 45vw, 600px\" \/><\/a><figcaption id=\"caption-attachment-165\" class=\"wp-caption-text\">Zicklein Joy<\/figcaption><\/figure>\n<figure id=\"attachment_166\" aria-describedby=\"caption-attachment-166\" style=\"width: 800px\" class=\"wp-caption aligncenter\"><a href=\"http:\/\/jajofo.de\/wordpress\/wp-content\/uploads\/2011\/05\/28-05-11b.jpg\"><img loading=\"lazy\" class=\"size-full wp-image-166\" title=\"&quot;Box-&quot;Kampf\" src=\"http:\/\/jajofo.de\/wordpress\/wp-content\/uploads\/2011\/05\/28-05-11b.jpg\" alt=\"Zicklein Joy und Jael\" width=\"800\" height=\"565\" srcset=\"https:\/\/jajofo.de\/wordpress\/wp-content\/uploads\/2011\/05\/28-05-11b.jpg 800w, https:\/\/jajofo.de\/wordpress\/wp-content\/uploads\/2011\/05\/28-05-11b-300x211.jpg 300w\" sizes=\"(max-width: 709px) 85vw, (max-width: 909px) 67vw, (max-width: 984px) 61vw, (max-width: 1362px) 45vw, 600px\" \/><\/a><figcaption id=\"caption-attachment-166\" class=\"wp-caption-text\">&quot;Box-&quot;Kampf<\/figcaption><\/figure>\n<figure id=\"attachment_167\" aria-describedby=\"caption-attachment-167\" style=\"width: 800px\" class=\"wp-caption aligncenter\"><a href=\"http:\/\/jajofo.de\/wordpress\/wp-content\/uploads\/2011\/05\/28-05-11c.jpg\"><img loading=\"lazy\" class=\"size-full wp-image-167\" title=\"Joy und Jael\" src=\"http:\/\/jajofo.de\/wordpress\/wp-content\/uploads\/2011\/05\/28-05-11c.jpg\" alt=\"Zicklein Joy und Jael\" width=\"800\" height=\"573\" srcset=\"https:\/\/jajofo.de\/wordpress\/wp-content\/uploads\/2011\/05\/28-05-11c.jpg 800w, https:\/\/jajofo.de\/wordpress\/wp-content\/uploads\/2011\/05\/28-05-11c-300x214.jpg 300w\" sizes=\"(max-width: 709px) 85vw, (max-width: 909px) 67vw, (max-width: 984px) 61vw, (max-width: 1362px) 45vw, 600px\" \/><\/a><figcaption id=\"caption-attachment-167\" class=\"wp-caption-text\">Zicklein Joy und Jael<\/figcaption><\/figure>\n<p>Und zum Schluss noch ein ein Portrait des dreimonatealten Bocklammes Hobbes in all seiner Pracht:<\/p>\n<figure id=\"attachment_168\" aria-describedby=\"caption-attachment-168\" style=\"width: 800px\" class=\"wp-caption aligncenter\"><a href=\"http:\/\/jajofo.de\/wordpress\/wp-content\/uploads\/2011\/05\/28-05-11d.jpg\"><img loading=\"lazy\" class=\"size-full wp-image-168\" title=\"Hobbes\" src=\"http:\/\/jajofo.de\/wordpress\/wp-content\/uploads\/2011\/05\/28-05-11d.jpg\" alt=\"Lamm Hobbes\" width=\"800\" height=\"656\" srcset=\"https:\/\/jajofo.de\/wordpress\/wp-content\/uploads\/2011\/05\/28-05-11d.jpg 800w, https:\/\/jajofo.de\/wordpress\/wp-content\/uploads\/2011\/05\/28-05-11d-300x246.jpg 300w\" sizes=\"(max-width: 709px) 85vw, (max-width: 909px) 67vw, (max-width: 984px) 61vw, (max-width: 1362px) 45vw, 600px\" \/><\/a><figcaption id=\"caption-attachment-168\" class=\"wp-caption-text\">Hobbes<\/figcaption><\/figure>\n","protected":false},"excerpt":{"rendered":"<p>Jaja, das Monat Mai. Die beiden Zicklein Joy und Jael vergn\u00fcgen sich auf der gro\u00dfen Wiese: Und zum Schluss noch ein ein Portrait des dreimonatealten Bocklammes Hobbes in all seiner Pracht:<\/p>\n","protected":false},"author":3,"featured_media":0,"comment_status":"closed","ping_status":"closed","sticky":false,"template":"","format":"gallery","meta":{"ngg_post_thumbnail":0},"categories":[1],"tags":[],"_links":{"self":[{"href":"https:\/\/jajofo.de\/wordpress\/wp-json\/wp\/v2\/posts\/164"}],"collection":[{"href":"https:\/\/jajofo.de\/wordpress\/wp-json\/wp\/v2\/posts"}],"about":[{"href":"https:\/\/jajofo.de\/wordpress\/wp-json\/wp\/v2\/types\/post"}],"author":[{"embeddable":true,"href":"https:\/\/jajofo.de\/wordpress\/wp-json\/wp\/v2\/users\/3"}],"replies":[{"embeddable":true,"href":"https:\/\/jajofo.de\/wordpress\/wp-json\/wp\/v2\/comments?post=164"}],"version-history":[{"count":2,"href":"https:\/\/jajofo.de\/wordpress\/wp-json\/wp\/v2\/posts\/164\/revisions"}],"predecessor-version":[{"id":170,"href":"https:\/\/jajofo.de\/wordpress\/wp-json\/wp\/v2\/posts\/164\/revisions\/170"}],"wp:attachment":[{"href":"https:\/\/jajofo.de\/wordpress\/wp-json\/wp\/v2\/media?parent=164"}],"wp:term":[{"taxonomy":"category","embeddable":true,"href":"https:\/\/jajofo.de\/wordpress\/wp-json\/wp\/v2\/categories?post=164"},{"taxonomy":"post_tag","embeddable":true,"href":"https:\/\/jajofo.de\/wordpress\/wp-json\/wp\/v2\/tags?post=164"}],"curies":[{"name":"wp","href":"https:\/\/api.w.org\/{rel}","templated":true}]}}