{"id":298,"date":"2011-09-11T06:27:31","date_gmt":"2011-09-11T06:27:31","guid":{"rendered":"http:\/\/jajofo.de\/wordpress\/?p=298"},"modified":"2018-02-24T11:00:19","modified_gmt":"2018-02-24T11:00:19","slug":"woche-2-das-lieblingstier","status":"publish","type":"post","link":"https:\/\/jajofo.de\/wordpress\/2011\/09\/11\/woche-2-das-lieblingstier\/","title":{"rendered":"Woche 2: das Lieblingstier"},"content":{"rendered":"<p>Woche 2 und gleich mal um einen Tag versp\u00e4tet bei der <a title=\"Neue Aktion: 30 Zeichnungen\" href=\"http:\/\/jajofo.de\/wordpress\/2011\/09\/03\/neue-aktion-30-zeichnungen\/\">30 Tage Zeichnen-Challenge<\/a> &#8230; na, was solls.<\/p>\n<p>Daf\u00fcr bekommt ihr hier einen etwas ungestalten L\u00f6wen (leider funktionierte MyPaint heute schon nicht mehr &#8230;)<\/p>\n<figure id=\"attachment_299\" aria-describedby=\"caption-attachment-299\" style=\"width: 300px\" class=\"wp-caption aligncenter\"><a href=\"http:\/\/jajofo.de\/wordpress\/wp-content\/uploads\/2011\/09\/11-09-11.jpg\"><img loading=\"lazy\" class=\"size-medium wp-image-299\" title=\"L\u00f6we\" src=\"http:\/\/jajofo.de\/wordpress\/wp-content\/uploads\/2011\/09\/11-09-11-300x300.jpg\" alt=\"L\u00f6we - Lion\" width=\"300\" height=\"300\" srcset=\"https:\/\/jajofo.de\/wordpress\/wp-content\/uploads\/2011\/09\/11-09-11-300x300.jpg 300w, https:\/\/jajofo.de\/wordpress\/wp-content\/uploads\/2011\/09\/11-09-11-150x150.jpg 150w, https:\/\/jajofo.de\/wordpress\/wp-content\/uploads\/2011\/09\/11-09-11.jpg 1000w\" sizes=\"(max-width: 300px) 85vw, 300px\" \/><\/a><figcaption id=\"caption-attachment-299\" class=\"wp-caption-text\">L\u00f6we &#8211; Woche 2 von 30 Tage Zeichnen<\/figcaption><\/figure>\n<p>Wer sich jetzt fr\u00e4gt: wie kommt es, dass ich kein Pferd gezeichnet habe??? Richtig wundern braucht sich auch niemand, denn ich habe immer schon gerne L\u00f6wen gezeichnet und ausserdem k\u00f6nnte ich sowieso nicht sagen, was genau meine Lieblingstiere sind. Der L\u00f6we gilt f\u00fcr mich aber zus\u00e4tzlich noch als ganz eigenes Symbol. Meine Generation ist eben von diesem Film hier gepr\u00e4gt:<\/p>\n<p><iframe src=\"http:\/\/www.youtube.com\/embed\/HwSKkKrUzUk\" width=\"640\" height=\"390\" frameborder=\"0\"><\/iframe><\/p>\n<p>Bis morgen!<\/p>\n<p>LG<br \/>\nJaana<\/p>\n","protected":false},"excerpt":{"rendered":"<p>Woche 2 und gleich mal um einen Tag versp\u00e4tet bei der 30 Tage Zeichnen-Challenge &#8230; na, was solls. Daf\u00fcr bekommt ihr hier einen etwas ungestalten L\u00f6wen (leider funktionierte MyPaint heute schon nicht mehr &#8230;) Wer sich jetzt fr\u00e4gt: wie kommt es, dass ich kein Pferd gezeichnet habe??? Richtig wundern braucht sich auch niemand, denn ich &hellip; <a href=\"https:\/\/jajofo.de\/wordpress\/2011\/09\/11\/woche-2-das-lieblingstier\/\" class=\"more-link\"><span class=\"screen-reader-text\">&#8222;Woche 2: das Lieblingstier&#8220; <\/span>weiterlesen<\/a><\/p>\n","protected":false},"author":3,"featured_media":0,"comment_status":"closed","ping_status":"closed","sticky":false,"template":"","format":"standard","meta":{"ngg_post_thumbnail":0},"categories":[12,1,167,11],"tags":[],"_links":{"self":[{"href":"https:\/\/jajofo.de\/wordpress\/wp-json\/wp\/v2\/posts\/298"}],"collection":[{"href":"https:\/\/jajofo.de\/wordpress\/wp-json\/wp\/v2\/posts"}],"about":[{"href":"https:\/\/jajofo.de\/wordpress\/wp-json\/wp\/v2\/types\/post"}],"author":[{"embeddable":true,"href":"https:\/\/jajofo.de\/wordpress\/wp-json\/wp\/v2\/users\/3"}],"replies":[{"embeddable":true,"href":"https:\/\/jajofo.de\/wordpress\/wp-json\/wp\/v2\/comments?post=298"}],"version-history":[{"count":4,"href":"https:\/\/jajofo.de\/wordpress\/wp-json\/wp\/v2\/posts\/298\/revisions"}],"predecessor-version":[{"id":1611,"href":"https:\/\/jajofo.de\/wordpress\/wp-json\/wp\/v2\/posts\/298\/revisions\/1611"}],"wp:attachment":[{"href":"https:\/\/jajofo.de\/wordpress\/wp-json\/wp\/v2\/media?parent=298"}],"wp:term":[{"taxonomy":"category","embeddable":true,"href":"https:\/\/jajofo.de\/wordpress\/wp-json\/wp\/v2\/categories?post=298"},{"taxonomy":"post_tag","embeddable":true,"href":"https:\/\/jajofo.de\/wordpress\/wp-json\/wp\/v2\/tags?post=298"}],"curies":[{"name":"wp","href":"https:\/\/api.w.org\/{rel}","templated":true}]}}